{"id":7435,"date":"2019-09-20T14:25:06","date_gmt":"2019-09-20T14:25:06","guid":{"rendered":"http:\/\/www.ilpontedelsorriso.com\/?p=7435"},"modified":"2019-09-20T14:25:06","modified_gmt":"2019-09-20T14:25:06","slug":"accendi-doro-accendi-la-speranza-2","status":"publish","type":"post","link":"https:\/\/www.ilpontedelsorriso.com\/?p=7435","title":{"rendered":"ACCENDI D&#039;ORO ACCENDI LA SPERANZA"},"content":{"rendered":"<p>[vc_row][vc_column width=&#8221;1\/6&#8243;][vc_column_text][\/vc_column_text][\/vc_column][vc_column width=&#8221;2\/3&#8243;][vc_column_text]Settembre, in tutto il mondo \u00e8 il mese dedicato alla sensibilizzazione sul cancro in et\u00e0 pediatrica il cui simbolo \u00e8 il nastrino dorato. Chi lo indossa riconosce apertamente il coraggio, la forza e la resilienza di tutti i bambini e gli adolescenti che lottano contro la malattia. Dal 23 al 29 settembre 2019 Fiagop invita chiunque ad indossarlo, scattare una foto e condividerla sui canali social.<br \/>\nAnche noi partecipiamo all&#8217;iniziativa in tutti i reparti pediatrici della Provinc<span class=\"text_exposed_show\">ia di Varese dove siamo presenti. Sar\u00e0 il nostro piccolo gesto d&#8217;amore per dire ai bambini ANCH&#8217;IO LOTTO CON TE e per stimolare la ricerca a produrre farmaci pediatrici.<br \/>\nMentre molti tumori dell\u2019adulto sono spesso legati allo stile di vita, le cause dei tumori pediatrici sono in gran parte sconosciute. A differenza dell\u2019adulto, il fisico del bambino \u00e8 ancora in via di sviluppo. Anche la biologia dei tumori \u00e8 differente e l\u2019approccio terapeutico deve essere diverso. Per questo \u00e8 fondamentale che si sviluppino farmaci studiati espressamente per i bambini e non utilizzare su di essi medicine sviluppate per l\u2019adulto. Almeno il 50% dei farmaci usati per combattere la malattia non sono autorizzati per l\u2019uso pediatrico, e vengono adattate ai bambini medicine per adulti, in base al peso e all\u2019altezza. Eppure i bambini e gli adolescenti malati di cancro non sono adulti in miniatura.<\/span>[\/vc_column_text][vc_media_grid element_width=&#8221;12&#8243; grid_id=&#8221;vc_gid:1568989396851-69179a34-4efc-6&#8243; include=&#8221;7432&#8243;][\/vc_column][vc_column width=&#8221;1\/6&#8243;][\/vc_column][\/vc_row]<\/p>\n","protected":false},"excerpt":{"rendered":"<p>[vc_row][vc_column width=&#8221;1\/6&#8243;][vc_column_text][\/vc_column_text][\/vc_column][vc_column width=&#8221;2\/3&#8243;][vc_column_text]Settembre, in tutto il mondo \u00e8 il mese dedicato alla sensibilizzazione sul cancro in et\u00e0 pediatrica il cui simbolo \u00e8 il nastrino dorato. Chi lo indossa riconosce apertamente il coraggio, la forza e la resilienza di tutti i bambini e gli adolescenti che lottano contro la malattia. Dal 23 al 29 settembre 2019&#8230;<\/p>\n","protected":false},"author":2,"featured_media":7432,"comment_status":"closed","ping_status":"open","sticky":false,"template":"","format":"standard","meta":{"_acf_changed":false,"inline_featured_image":false,"footnotes":""},"categories":[63],"tags":[],"acf":[],"_links":{"self":[{"href":"https:\/\/www.ilpontedelsorriso.com\/index.php?rest_route=\/wp\/v2\/posts\/7435"}],"collection":[{"href":"https:\/\/www.ilpontedelsorriso.com\/index.php?rest_route=\/wp\/v2\/posts"}],"about":[{"href":"https:\/\/www.ilpontedelsorriso.com\/index.php?rest_route=\/wp\/v2\/types\/post"}],"author":[{"embeddable":true,"href":"https:\/\/www.ilpontedelsorriso.com\/index.php?rest_route=\/wp\/v2\/users\/2"}],"replies":[{"embeddable":true,"href":"https:\/\/www.ilpontedelsorriso.com\/index.php?rest_route=%2Fwp%2Fv2%2Fcomments&post=7435"}],"version-history":[{"count":0,"href":"https:\/\/www.ilpontedelsorriso.com\/index.php?rest_route=\/wp\/v2\/posts\/7435\/revisions"}],"wp:featuredmedia":[{"embeddable":true,"href":"https:\/\/www.ilpontedelsorriso.com\/index.php?rest_route=\/"}],"wp:attachment":[{"href":"https:\/\/www.ilpontedelsorriso.com\/index.php?rest_route=%2Fwp%2Fv2%2Fmedia&parent=7435"}],"wp:term":[{"taxonomy":"category","embeddable":true,"href":"https:\/\/www.ilpontedelsorriso.com\/index.php?rest_route=%2Fwp%2Fv2%2Fcategories&post=7435"},{"taxonomy":"post_tag","embeddable":true,"href":"https:\/\/www.ilpontedelsorriso.com\/index.php?rest_route=%2Fwp%2Fv2%2Ftags&post=7435"}],"curies":[{"name":"wp","href":"https:\/\/api.w.org\/{rel}","templated":true}]}}