{"id":6686,"date":"2019-01-04T10:56:19","date_gmt":"2019-01-04T10:56:19","guid":{"rendered":"http:\/\/www.ilpontedelsorriso.com\/?p=6686"},"modified":"2019-01-04T10:56:19","modified_gmt":"2019-01-04T10:56:19","slug":"il-presepe-dei-bambini-della-pediatria","status":"publish","type":"post","link":"https:\/\/www.ilpontedelsorriso.com\/?p=6686","title":{"rendered":"IL PRESEPE DEI BAMBINI DELLA PEDIATRIA"},"content":{"rendered":"<p>[vc_row][vc_column width=&#8221;1\/6&#8243;][vc_column_text][\/vc_column_text][\/vc_column][vc_column width=&#8221;2\/3&#8243;][vc_column_text]I bambini della Pediatria dell&#8217;Ospedale Del Ponte e i volontari della fondazione Il Ponte del Sorriso Onlus, hanno realizzato un bellissimo presepe, aderendo all&#8217;iniziativa \u201cRealizza il tuo presepe\u201d, proposta dall&#8217;Assessorato alle Politiche sociali, abitative e disabilit\u00e0 della Regione Lombardia, guidato da Stefano Bolognini , e promossa da Assogiocattoli.<br \/>\nLa caposala della Pediatria Maria Pia Paganelli, un giorno ha portato in sala giochi un bel pacco contenente alcuni componenti per costruire un presepe. Bambini e volontari si sono messi subito all&#8217;opera. Hanno usato solo in parte il kit fornito, per dare sfogo a tutta la loro creativit\u00e0. Hanno aggiunto molta fantasia, colore, materiale sanitario e di riciclo, ma soprattutto ci hanno messo tanto entusiasmo.<br \/>\nIl risultato? Un allegro presepe che \u00e8 stato poi ritirato da un funzionario di Regione Lombardia ed \u00e8 ora in bella mostra al palazzo regionale al Belvedere del 39mo piano.<br \/>\nVa riconosciuto il merito ai tre progettisti dell&#8217;opera, tre ragazzini di 12 e 13 anni, Alessandro, Wiam e Caterina che hanno ideato\u00a0 il presepe mettendo poi al lavoro i volontari ed i genitori. Con gli abbassalingua \u00e8 stata costruita la culla di Ges\u00f9 Bambino, mentre con la colla a caldo \u00e8 stato creato un ruscello e dai rotoli di carta igienica sono nati i vari personaggi, ai quali i genitori hanno cucito addosso i vestiti.<br \/>\nUn lavoro di squadra che \u00e8 stato premiato perch\u00e8 ora il presepe \u00e8 in luogo istituzionale importante, dove \u00e8 possibile vederlo tutti i giorni dalle 10.00 alle 18.00 fino al 6 gennaio.[\/vc_column_text][vc_media_grid element_width=&#8221;3&#8243; grid_id=&#8221;vc_gid:1546599275860-584bd27a-9f84-0&#8243; include=&#8221;6687,6688,6689,6690&#8243;][\/vc_column][vc_column width=&#8221;1\/6&#8243;][\/vc_column][\/vc_row]<\/p>\n","protected":false},"excerpt":{"rendered":"<p>[vc_row][vc_column width=&#8221;1\/6&#8243;][vc_column_text][\/vc_column_text][\/vc_column][vc_column width=&#8221;2\/3&#8243;][vc_column_text]I bambini della Pediatria dell&#8217;Ospedale Del Ponte e i volontari della fondazione Il Ponte del Sorriso Onlus, hanno realizzato un bellissimo presepe, aderendo all&#8217;iniziativa \u201cRealizza il tuo presepe\u201d, proposta dall&#8217;Assessorato alle Politiche sociali, abitative e disabilit\u00e0 della Regione Lombardia, guidato da Stefano Bolognini , e promossa da Assogiocattoli. La caposala della Pediatria Maria&#8230;<\/p>\n","protected":false},"author":2,"featured_media":6687,"comment_status":"closed","ping_status":"open","sticky":false,"template":"","format":"standard","meta":{"_acf_changed":false,"inline_featured_image":false,"footnotes":""},"categories":[60],"tags":[],"acf":[],"_links":{"self":[{"href":"https:\/\/www.ilpontedelsorriso.com\/index.php?rest_route=\/wp\/v2\/posts\/6686"}],"collection":[{"href":"https:\/\/www.ilpontedelsorriso.com\/index.php?rest_route=\/wp\/v2\/posts"}],"about":[{"href":"https:\/\/www.ilpontedelsorriso.com\/index.php?rest_route=\/wp\/v2\/types\/post"}],"author":[{"embeddable":true,"href":"https:\/\/www.ilpontedelsorriso.com\/index.php?rest_route=\/wp\/v2\/users\/2"}],"replies":[{"embeddable":true,"href":"https:\/\/www.ilpontedelsorriso.com\/index.php?rest_route=%2Fwp%2Fv2%2Fcomments&post=6686"}],"version-history":[{"count":0,"href":"https:\/\/www.ilpontedelsorriso.com\/index.php?rest_route=\/wp\/v2\/posts\/6686\/revisions"}],"wp:featuredmedia":[{"embeddable":true,"href":"https:\/\/www.ilpontedelsorriso.com\/index.php?rest_route=\/"}],"wp:attachment":[{"href":"https:\/\/www.ilpontedelsorriso.com\/index.php?rest_route=%2Fwp%2Fv2%2Fmedia&parent=6686"}],"wp:term":[{"taxonomy":"category","embeddable":true,"href":"https:\/\/www.ilpontedelsorriso.com\/index.php?rest_route=%2Fwp%2Fv2%2Fcategories&post=6686"},{"taxonomy":"post_tag","embeddable":true,"href":"https:\/\/www.ilpontedelsorriso.com\/index.php?rest_route=%2Fwp%2Fv2%2Ftags&post=6686"}],"curies":[{"name":"wp","href":"https:\/\/api.w.org\/{rel}","templated":true}]}}