{"id":40879,"date":"2011-03-29T14:45:41","date_gmt":"2011-03-29T14:45:41","guid":{"rendered":"http:\/\/5.249.148.111\/ponte_del_sorriso\/2011\/03\/29\/la-primavera-del-sorriso\/"},"modified":"2025-07-08T14:19:18","modified_gmt":"2025-07-08T12:19:18","slug":"la-primavera-del-sorriso","status":"publish","type":"post","link":"https:\/\/www.ilpontedelsorriso.com\/?p=40879","title":{"rendered":"LA PRIMAVERA DEL SORRISO"},"content":{"rendered":"<p style=\"text-align: justify;\"><span style=\"font-family: georgia,palatino;\"><span style=\"font-size: large;\"><strong><span style=\"color: #004b97;\">LA PRIMAVERA DEL SORRISO\u00a0&#8211; da marzo 2011<\/span><\/strong><\/span><\/span><\/p>\n<p style=\"text-align: justify;\"><span style=\"font-size: small;\"><span style=\"font-family: georgia,palatino;\">La primavera quest\u2019anno fa \u201csbocciare\u201d anche il nuovo ospedale materno infantile di Varese. Vivai Selve, in viale Valganna ad Induno Olona, per tutta la stagione devolver\u00e0 al Ponte del Sorriso\u00a0\u00a0una parte dell&#8217;incasso sulla vendita di gerani e di articoli per la cura delle piante. Per ogni piantina di geranio acquistata presso Vivai Selve potrai dare il tuo contributo per questo importantissimo progetto.\u00a0Anche i nostri volontari ti aspettano\u00a0a Varese, in piazza Monte Grappa, sabato 16 aprile 2011 per l&#8217;acquisto dei tuoi gerani. Per saperne di pi\u00f9 scarica la locandina qui a destra. <!--more--> <\/span><\/span><span style=\"font-family: georgia,palatino;\"><span style=\"font-size: medium;\">I volontari del Ponte del Sorriso Onlus sabato 26 marzo al centro commerciale Le Corti di Varese si sono trasformati in \u201cfioristi del sorriso\u201d per una vendita di beneficienza di piante di gerani, iniziativa che sar\u00e0 replicata sabato 16 aprile in piazza Monte Grappa, dalle ore 10 alle 19.Grazie alla collaborazione con Vivai Selve di Induno Olona, il ricavato della vendita servir\u00e0 ad incrementare la raccolta fondi destinata al Ponte del Sorriso, i cui lavori di costruzione sono partiti esattamente un anno fa.<br \/>\nAbbellire il proprio balcone o il proprio giardino avr\u00e0 dunque un significato in pi\u00f9: ogni piantina di geranio acquistata presso il gazebo della Fondazione Il Ponte del Sorriso sar\u00e0 un segno concreto di solidariet\u00e0 per ogni bambino ricoverato in ospedale.<br \/>\nL\u2019iniziativa \u00e8 partita contemporaneamente anche presso il vivaista di Induno Olona:\u00a0 per tutta la stagione primaverile Vivai Selve devolver\u00e0 al Ponte del Sorriso una parte dell\u2019incasso dalla vendita di gerani e articoli per la cura delle piante. Inoltre per ogni piantina di geranio acquistata ogni cliente avr\u00e0 l\u2019opportunit\u00e0 di dare un suo ulteriore contributo partecipando in questo modo alla costruzione di uno dei progetti pi\u00f9 importanti del nostro territorio: Il Ponte del Sorriso. Vi aspettiamo dunque a\u00a0Varese\u00a0in piazza Monte Grappa sabato 16 aprile. <\/span><\/span><\/p>\n<p style=\"text-align: justify;\">\n","protected":false},"excerpt":{"rendered":"<p>LA PRIMAVERA DEL SORRISO\u00a0&#8211; da marzo 2011 La primavera quest\u2019anno fa \u201csbocciare\u201d anche il nuovo ospedale materno infantile di Varese. Vivai Selve, in viale Valganna ad Induno Olona, per tutta la stagione devolver\u00e0 al Ponte del Sorriso\u00a0\u00a0una parte dell&#8217;incasso sulla vendita di gerani e di articoli per la cura delle piante. Per ogni piantina di&#8230;<\/p>\n","protected":false},"author":2,"featured_media":41030,"comment_status":"open","ping_status":"open","sticky":false,"template":"","format":"standard","meta":{"_acf_changed":false,"inline_featured_image":false,"footnotes":""},"categories":[52],"tags":[],"acf":[],"_links":{"self":[{"href":"https:\/\/www.ilpontedelsorriso.com\/index.php?rest_route=\/wp\/v2\/posts\/40879"}],"collection":[{"href":"https:\/\/www.ilpontedelsorriso.com\/index.php?rest_route=\/wp\/v2\/posts"}],"about":[{"href":"https:\/\/www.ilpontedelsorriso.com\/index.php?rest_route=\/wp\/v2\/types\/post"}],"author":[{"embeddable":true,"href":"https:\/\/www.ilpontedelsorriso.com\/index.php?rest_route=\/wp\/v2\/users\/2"}],"replies":[{"embeddable":true,"href":"https:\/\/www.ilpontedelsorriso.com\/index.php?rest_route=%2Fwp%2Fv2%2Fcomments&post=40879"}],"version-history":[{"count":1,"href":"https:\/\/www.ilpontedelsorriso.com\/index.php?rest_route=\/wp\/v2\/posts\/40879\/revisions"}],"predecessor-version":[{"id":41031,"href":"https:\/\/www.ilpontedelsorriso.com\/index.php?rest_route=\/wp\/v2\/posts\/40879\/revisions\/41031"}],"wp:featuredmedia":[{"embeddable":true,"href":"https:\/\/www.ilpontedelsorriso.com\/index.php?rest_route=\/wp\/v2\/media\/41030"}],"wp:attachment":[{"href":"https:\/\/www.ilpontedelsorriso.com\/index.php?rest_route=%2Fwp%2Fv2%2Fmedia&parent=40879"}],"wp:term":[{"taxonomy":"category","embeddable":true,"href":"https:\/\/www.ilpontedelsorriso.com\/index.php?rest_route=%2Fwp%2Fv2%2Fcategories&post=40879"},{"taxonomy":"post_tag","embeddable":true,"href":"https:\/\/www.ilpontedelsorriso.com\/index.php?rest_route=%2Fwp%2Fv2%2Ftags&post=40879"}],"curies":[{"name":"wp","href":"https:\/\/api.w.org\/{rel}","templated":true}]}}