{"id":12032,"date":"2025-04-09T08:04:39","date_gmt":"2025-04-09T08:04:39","guid":{"rendered":"https:\/\/www.ilpontedelsorriso.com\/?p=12032"},"modified":"2025-07-08T13:55:01","modified_gmt":"2025-07-08T11:55:01","slug":"un-successo-dalla-genetica-alla-clinica-alla-vita","status":"publish","type":"post","link":"https:\/\/www.ilpontedelsorriso.com\/?p=12032","title":{"rendered":"UN SUCCESSO &quot;DALLA GENETICA ALLA CLINICA ALLA VITA&quot;"},"content":{"rendered":"<p>Il convegno \u201cDalla genetica alla clinica al progetto di vita\u201d sull\u2019autismo che abbiamo organizzato con <span class=\"html-span xdj266r x11i5rnm xat24cr x1mh8g0r xexx8yu x4uap5 x18d9i69 xkhd6sd x1hl2dhg x16tdsg8 x1vvkbs\"><a class=\"x1i10hfl xjbqb8w x1ejq31n xd10rxx x1sy0etr x17r0tee x972fbf xcfux6l x1qhh985 xm0m39n x9f619 x1ypdohk xt0psk2 xe8uvvx xdj266r x11i5rnm xat24cr x1mh8g0r xexx8yu x4uap5 x18d9i69 xkhd6sd x16tdsg8 x1hl2dhg xggy1nq x1a2a7pz xkrqix3 x1sur9pj x1fey0fg x1s688f\" role=\"link\" href=\"https:\/\/www.facebook.com\/asstsettelaghi?__cft__[0]=AZUK15Lsfd2o6C75OzAq0XBMFzJDpoembKSaOIGcTMYJKR0JGVjYYc-CHuy2WIT3rsp2zl-qqSBBuZJZxoyBas3LInFtgoz28PS5oLWxwfniDQ-XYzoBMB0GPcfgDoUGGhWHiMS8t6WrsuAIIRACgtb0QDu9RNMLk8HZ-Ijzrc5fo7jjUobtIjBiOmO3Rz5Up5Y&amp;__tn__=-]K-R\"><span class=\"xt0psk2\"><span class=\"xjp7ctv\">Asst dei Sette Laghi<\/span><\/span><\/a><\/span> ha riscosso un grande successo registrando la partecipazione di oltre 400 persone.<\/p>\n<div class=\"xdj266r x11i5rnm xat24cr x1mh8g0r x1vvkbs x126k92a\">\n<div dir=\"auto\">Due giornate intense e di alto profilo scientifico con relatori di spessore internazionale, un convegno durante il quale \u00e8 stato sottolineato come la ricerca da noi finanziata per 500mila grazie a un bando di <span class=\"html-span xdj266r x11i5rnm xat24cr x1mh8g0r xexx8yu x4uap5 x18d9i69 xkhd6sd x1hl2dhg x16tdsg8 x1vvkbs\"><a class=\"x1i10hfl xjbqb8w x1ejq31n xd10rxx x1sy0etr x17r0tee x972fbf xcfux6l x1qhh985 xm0m39n x9f619 x1ypdohk xt0psk2 xe8uvvx xdj266r x11i5rnm xat24cr x1mh8g0r xexx8yu x4uap5 x18d9i69 xkhd6sd x16tdsg8 x1hl2dhg xggy1nq x1a2a7pz xkrqix3 x1sur9pj x1fey0fg x1s688f\" role=\"link\" href=\"https:\/\/www.facebook.com\/FondazioneJustItalia?__cft__[0]=AZUK15Lsfd2o6C75OzAq0XBMFzJDpoembKSaOIGcTMYJKR0JGVjYYc-CHuy2WIT3rsp2zl-qqSBBuZJZxoyBas3LInFtgoz28PS5oLWxwfniDQ-XYzoBMB0GPcfgDoUGGhWHiMS8t6WrsuAIIRACgtb0QDu9RNMLk8HZ-Ijzrc5fo7jjUobtIjBiOmO3Rz5Up5Y&amp;__tn__=-]K-R\"><span class=\"xt0psk2\"><span class=\"xjp7ctv\">Fondazione Just Italia<\/span><\/span><\/a><\/span>, non solo ha dato dei risultati scientifici rilevanti, ma ha anche fornito dati sui quali si sta ancora lavorando e posto le basi per altri approfondimenti e ricerche, dimostrando come sia stato uno degli studi pi\u00f9 importanti a livello nazionale a cui molti fanno riferimento. Un\u2019intuizione vincente, quella scaturita qualche anno fa, di indagare sia da un punto di vista genetico che neuropsichiatrico, 122 bambini dai 3 ai 12 anni affetti da autismo senza altre sindromi o patologie che ha aperto nuovi scenari per ulteriori ricerche.<\/div>\n<div dir=\"auto\">Lo studio, infatti, ha permesso di scoprire un ampio numero di varianti genetiche, comuni e rare, associate all\u2019autismo nei geni a livello del sistema nervoso che sono fondamentali durante lo sviluppo.<\/div>\n<div dir=\"auto\">L\u2019autismo \u00e8 una condizione multifattoriale in cui giocano un ruolo importante le interazioni gene-gene e gene-ambiente e la ricerca non pu\u00f2 prescindere anche da una valutazione oltre che genetica e clinica, ambientale.<\/div>\n<div dir=\"auto\">Lo studio ha confermato l\u2019estrema variabilit\u00e0 da un punto di vista clinico del gruppo di pazienti con autismo e, nel campione esaminato, l\u2019assenza di una correlazione tra il profilo genetico ed il funzionamento clinico dei soggetti. Ha, tuttavia, permesso di evidenziare come, in alcune situazioni, la presenza di tratti autistici dei genitori valutati con un semplice questionario si associa a quadri clinici leggermente pi\u00f9 severi nella popolazione infantile.<\/div>\n<div dir=\"auto\">Attraverso la ricerca, infine, \u00e8 stato possibile dimostrare come la registrazione dell\u2019attivit\u00e0 elettrica cerebrale dei pazienti autistici sia tecnicamente possibile e globalmente accettata dalle famiglie. Questo semplice esame, associato a moderne tecniche di studio della connettivit\u00e0 cerebrale, si candida, in base a quanto osservato, ad essere uno dei marcatori biologici di patologia, pur nella diversit\u00e0 dei vari quadri clinici.<\/div>\n<div dir=\"auto\">Nella seconda parte della giornata si \u00e8 affrontato il tema di come fa la scienza entrare nella qualit\u00e0 e nel progetto di vita, nel benessere fisico e psicologico, nell\u2019autonomia personale, nelle relazioni sociali. Scienza, quotidianit\u00e0 e modelli riabilitativi vanno connessi.<\/div>\n<div dir=\"auto\">Dalle associazioni dei genitori, <span class=\"html-span xdj266r x11i5rnm xat24cr x1mh8g0r xexx8yu x4uap5 x18d9i69 xkhd6sd x1hl2dhg x16tdsg8 x1vvkbs\"><a class=\"x1i10hfl xjbqb8w x1ejq31n xd10rxx x1sy0etr x17r0tee x972fbf xcfux6l x1qhh985 xm0m39n x9f619 x1ypdohk xt0psk2 xe8uvvx xdj266r x11i5rnm xat24cr x1mh8g0r xexx8yu x4uap5 x18d9i69 xkhd6sd x16tdsg8 x1hl2dhg xggy1nq x1a2a7pz xkrqix3 x1sur9pj x1fey0fg x1s688f\" role=\"link\" href=\"https:\/\/www.facebook.com\/@unitiperlautismo\/?__cft__[0]=AZUK15Lsfd2o6C75OzAq0XBMFzJDpoembKSaOIGcTMYJKR0JGVjYYc-CHuy2WIT3rsp2zl-qqSBBuZJZxoyBas3LInFtgoz28PS5oLWxwfniDQ-XYzoBMB0GPcfgDoUGGhWHiMS8t6WrsuAIIRACgtb0QDu9RNMLk8HZ-Ijzrc5fo7jjUobtIjBiOmO3Rz5Up5Y&amp;__tn__=-]K-R\"><span class=\"xt0psk2\"><span class=\"xjp7ctv\">Uniti per l&#8217;autismo<\/span><\/span><\/a><\/span> e <span class=\"html-span xdj266r x11i5rnm xat24cr x1mh8g0r xexx8yu x4uap5 x18d9i69 xkhd6sd x1hl2dhg x16tdsg8 x1vvkbs\"><a class=\"x1i10hfl xjbqb8w x1ejq31n xd10rxx x1sy0etr x17r0tee x972fbf xcfux6l x1qhh985 xm0m39n x9f619 x1ypdohk xt0psk2 xe8uvvx xdj266r x11i5rnm xat24cr x1mh8g0r xexx8yu x4uap5 x18d9i69 xkhd6sd x16tdsg8 x1hl2dhg xggy1nq x1a2a7pz xkrqix3 x1sur9pj x1fey0fg x1s688f\" role=\"link\" href=\"https:\/\/www.facebook.com\/spaziobluautismovarese?__cft__[0]=AZUK15Lsfd2o6C75OzAq0XBMFzJDpoembKSaOIGcTMYJKR0JGVjYYc-CHuy2WIT3rsp2zl-qqSBBuZJZxoyBas3LInFtgoz28PS5oLWxwfniDQ-XYzoBMB0GPcfgDoUGGhWHiMS8t6WrsuAIIRACgtb0QDu9RNMLk8HZ-Ijzrc5fo7jjUobtIjBiOmO3Rz5Up5Y&amp;__tn__=-]K-R\"><span class=\"xt0psk2\"><span class=\"xjp7ctv\">Spazio Blu Autismo Varese Aps<\/span><\/span><\/a><\/span>, \u00e8 emersa la richiesta che a una diagnosi precoce segua una presa in carico altrettanto tempestiva ed integrata.<\/div>\n<div dir=\"auto\">In un progetto di vita, che \u00e8 in divenire perch\u00e9 il bambino cresce e diventa adulto, non pu\u00f2 mancare l\u2019aspetto lavorativo. <span class=\"html-span xdj266r x11i5rnm xat24cr x1mh8g0r xexx8yu x4uap5 x18d9i69 xkhd6sd x1hl2dhg x16tdsg8 x1vvkbs\"><a class=\"x1i10hfl xjbqb8w x1ejq31n xd10rxx x1sy0etr x17r0tee x972fbf xcfux6l x1qhh985 xm0m39n x9f619 x1ypdohk xt0psk2 xe8uvvx xdj266r x11i5rnm xat24cr x1mh8g0r xexx8yu x4uap5 x18d9i69 xkhd6sd x16tdsg8 x1hl2dhg xggy1nq x1a2a7pz xkrqix3 x1sur9pj x1fey0fg x1s688f\" role=\"link\" href=\"https:\/\/www.facebook.com\/tortellante?__cft__[0]=AZUK15Lsfd2o6C75OzAq0XBMFzJDpoembKSaOIGcTMYJKR0JGVjYYc-CHuy2WIT3rsp2zl-qqSBBuZJZxoyBas3LInFtgoz28PS5oLWxwfniDQ-XYzoBMB0GPcfgDoUGGhWHiMS8t6WrsuAIIRACgtb0QDu9RNMLk8HZ-Ijzrc5fo7jjUobtIjBiOmO3Rz5Up5Y&amp;__tn__=-]K-R\"><span class=\"xt0psk2\"><span class=\"xjp7ctv\">Tortellante<\/span><\/span><\/a><\/span> e <span class=\"html-span xdj266r x11i5rnm xat24cr x1mh8g0r xexx8yu x4uap5 x18d9i69 xkhd6sd x1hl2dhg x16tdsg8 x1vvkbs\"><a class=\"x1i10hfl xjbqb8w x1ejq31n xd10rxx x1sy0etr x17r0tee x972fbf xcfux6l x1qhh985 xm0m39n x9f619 x1ypdohk xt0psk2 xe8uvvx xdj266r x11i5rnm xat24cr x1mh8g0r xexx8yu x4uap5 x18d9i69 xkhd6sd x16tdsg8 x1hl2dhg xggy1nq x1a2a7pz xkrqix3 x1sur9pj x1fey0fg x1s688f\" role=\"link\" href=\"https:\/\/www.facebook.com\/pizzaut?__cft__[0]=AZUK15Lsfd2o6C75OzAq0XBMFzJDpoembKSaOIGcTMYJKR0JGVjYYc-CHuy2WIT3rsp2zl-qqSBBuZJZxoyBas3LInFtgoz28PS5oLWxwfniDQ-XYzoBMB0GPcfgDoUGGhWHiMS8t6WrsuAIIRACgtb0QDu9RNMLk8HZ-Ijzrc5fo7jjUobtIjBiOmO3Rz5Up5Y&amp;__tn__=-]K-R\"><span class=\"xt0psk2\"><span class=\"xjp7ctv\">PizzAut nutriamo l&#8217;inclusione<\/span><\/span><\/a><\/span> hanno portato con la loro carica di empatia e simpatia, progetti concreti di vita. Emozionando tutti.<\/div>\n<\/div>\n<div class=\"x11i5rnm xat24cr x1mh8g0r x1vvkbs xtlvy1s x126k92a\">\n<div dir=\"auto\">Il 4 aprile il focus \u00e8 stato invece sulla scuola e le tematiche affrontate hanno visto l\u2019interazione di punti di vista diversi di esperti in ambito educativo, clinico e riabilitativo.<\/div>\n<div dir=\"auto\">Sono state delineate le dinamiche salienti del funzionamento \u201cdisarmonico\u201d di un alunno con sindrome dello spettro autistico, sottolineando l\u2019importanza della comunicazione e delle caratteristiche ambientali che devono essere adeguatamente organizzate e predisposte per l\u2019accoglienza. \u00c8 stata sottolineata la necessit\u00e0 di un\u2019integrazione tra scuola e sanit\u00e0 nella raccolta di informazioni e conoscenza. Si \u00e8 parlato del diritto nei soggetti autistici all\u2019affettivit\u00e0 e alla propria intimit\u00e0, aspetti molto importanti per la qualit\u00e0 di vita da adolescenti e adulti. Occorre insegnare fin da piccoli la consapevolezza sessuale, il concetto di confine del contatto fisico, l\u2019autonomia delle scelte per evitare abusi, la cui incidenza nei giovani autistici \u00e8 allarmante.<\/div>\n<\/div>\n<div class=\"x11i5rnm xat24cr x1mh8g0r x1vvkbs xtlvy1s x126k92a\">\n<div dir=\"auto\">Secondo uno studio americano, dal 2020 l\u2019autismo e i disturbi del neurosviluppo hanno avuto un incremento del 317%, passando da uno su mille del 1999 a uno su 36 nel 2023. Nella Provincia di Varese sono oltre cinquemila i minori da tre a diciotto anni nella condizione di autismo. Un dato impressionante.<\/div>\n<\/div>\n","protected":false},"excerpt":{"rendered":"<p>Il convegno \u201cDalla genetica alla clinica al progetto di vita\u201d sull\u2019autismo che abbiamo organizzato con Asst dei Sette Laghi ha riscosso un grande successo registrando la partecipazione di oltre 400 persone. Due giornate intense e di alto profilo scientifico con relatori di spessore internazionale, un convegno durante il quale \u00e8 stato sottolineato come la ricerca&#8230;<\/p>\n","protected":false},"author":2,"featured_media":41074,"comment_status":"closed","ping_status":"closed","sticky":false,"template":"","format":"standard","meta":{"_acf_changed":false,"inline_featured_image":false,"footnotes":""},"categories":[69],"tags":[],"acf":[],"_links":{"self":[{"href":"https:\/\/www.ilpontedelsorriso.com\/index.php?rest_route=\/wp\/v2\/posts\/12032"}],"collection":[{"href":"https:\/\/www.ilpontedelsorriso.com\/index.php?rest_route=\/wp\/v2\/posts"}],"about":[{"href":"https:\/\/www.ilpontedelsorriso.com\/index.php?rest_route=\/wp\/v2\/types\/post"}],"author":[{"embeddable":true,"href":"https:\/\/www.ilpontedelsorriso.com\/index.php?rest_route=\/wp\/v2\/users\/2"}],"replies":[{"embeddable":true,"href":"https:\/\/www.ilpontedelsorriso.com\/index.php?rest_route=%2Fwp%2Fv2%2Fcomments&post=12032"}],"version-history":[{"count":1,"href":"https:\/\/www.ilpontedelsorriso.com\/index.php?rest_route=\/wp\/v2\/posts\/12032\/revisions"}],"predecessor-version":[{"id":40974,"href":"https:\/\/www.ilpontedelsorriso.com\/index.php?rest_route=\/wp\/v2\/posts\/12032\/revisions\/40974"}],"wp:featuredmedia":[{"embeddable":true,"href":"https:\/\/www.ilpontedelsorriso.com\/index.php?rest_route=\/wp\/v2\/media\/41074"}],"wp:attachment":[{"href":"https:\/\/www.ilpontedelsorriso.com\/index.php?rest_route=%2Fwp%2Fv2%2Fmedia&parent=12032"}],"wp:term":[{"taxonomy":"category","embeddable":true,"href":"https:\/\/www.ilpontedelsorriso.com\/index.php?rest_route=%2Fwp%2Fv2%2Fcategories&post=12032"},{"taxonomy":"post_tag","embeddable":true,"href":"https:\/\/www.ilpontedelsorriso.com\/index.php?rest_route=%2Fwp%2Fv2%2Ftags&post=12032"}],"curies":[{"name":"wp","href":"https:\/\/api.w.org\/{rel}","templated":true}]}}