{"id":11943,"date":"2025-02-22T09:53:51","date_gmt":"2025-02-22T09:53:51","guid":{"rendered":"https:\/\/www.ilpontedelsorriso.com\/?p=11943"},"modified":"2025-07-08T13:58:14","modified_gmt":"2025-07-08T11:58:14","slug":"il-cantante-mida-in-pediatria","status":"publish","type":"post","link":"https:\/\/www.ilpontedelsorriso.com\/?p=11943","title":{"rendered":"IL CANTANTE MIDA IN PEDIATRIA!"},"content":{"rendered":"<p>Grazie ad una nostra volontaria, amica della mamma, il cantante MIDA, conosciuto per la sua partecipazione a Sanremo Giovani e ad Amici di Maria De Filippi, \u00e8 venuto in Pediatria a Varese. Molto noto soprattutto tra i teenagers, non \u00e8 solo un bravo cantante, ma anche un ragazzo tanto sensibile e simpatico. \u00c9 rimasto in reparto diverse ore, senza mai mostrare alcuna fretta di andarsene e prestandosi alle innumerevoli richieste di foto e autografi. Pur essendo cos\u00ec giovane, ha avuto parole affettuose e di conforto sia per i bambini e gli adolescenti, sia per i genitori, scherzando e giocando con tutti. Guidato dalla piccola Sara si \u00e8 persino cimentato nella realizzazione di una perfetta rosa di carta. Un super pomeriggio di sorrisi e forti emozioni, che si \u00e8 concluso con un regalo per tutti i bambini, che a loro volta hanno ricambiato donando a Mida un creativo cartellone di ringraziamento, firmato da tutti e con alcune dediche. Mida, nome d&#8217;arte di Christian Prestato, \u00e8 nato nel 1999 a Caracas da madre venezuelana e padre italiano. Fin da bambino vive a Milano. Si \u00e8 vvicinato alla musica, in particolare al rap, all&#8217;et\u00e0 di 11 anni e a 16 \u00e8 entrato nell&#8217;etichetta discografica Blocco Recordz di Emis Killa, aprendo i concerti del suo tour italiano. Nel 2017 \u00e8 uscito il suo singolo Maledetto e negli anni successivi altri brani vengono rilasciati su YouTube e Spotify, fino al grande successo di Ricordami di scordarti, che conta oltre 26milioni di ascolti su Spotify. Nel 2022 la RAI lo ha scelto come concorrente di Sanremo Giovani, a cui Mida ha partecipato con Maldit\u00e8, arrivando in finale. Nel 2023 si \u00e8 iscritto ad Amici con Vita terremoto, dimostrandosi uno dei pi\u00f9 talentuosi concorrenti. Con il singolo Rossofuoco ha ottenuto 36milioni di visualizzazioni su Spotify che gli \u00e8 valso il disco di platino. Una star capace, per\u00f2, con la sua umilt\u00e0, con la sua semplicit\u00e0 e il suo solare sorriso di illuminare il pomeriggio di un reparto pediatrico.<\/p>\n","protected":false},"excerpt":{"rendered":"<p>Grazie ad una nostra volontaria, amica della mamma, il cantante MIDA, conosciuto per la sua partecipazione a Sanremo Giovani e ad Amici di Maria De Filippi, \u00e8 venuto in Pediatria a Varese. Molto noto soprattutto tra i teenagers, non \u00e8 solo un bravo cantante, ma anche un ragazzo tanto sensibile e simpatico. \u00c9 rimasto in&#8230;<\/p>\n","protected":false},"author":2,"featured_media":41092,"comment_status":"closed","ping_status":"closed","sticky":false,"template":"","format":"standard","meta":{"_acf_changed":false,"inline_featured_image":false,"footnotes":""},"categories":[69],"tags":[],"acf":[],"_links":{"self":[{"href":"https:\/\/www.ilpontedelsorriso.com\/index.php?rest_route=\/wp\/v2\/posts\/11943"}],"collection":[{"href":"https:\/\/www.ilpontedelsorriso.com\/index.php?rest_route=\/wp\/v2\/posts"}],"about":[{"href":"https:\/\/www.ilpontedelsorriso.com\/index.php?rest_route=\/wp\/v2\/types\/post"}],"author":[{"embeddable":true,"href":"https:\/\/www.ilpontedelsorriso.com\/index.php?rest_route=\/wp\/v2\/users\/2"}],"replies":[{"embeddable":true,"href":"https:\/\/www.ilpontedelsorriso.com\/index.php?rest_route=%2Fwp%2Fv2%2Fcomments&post=11943"}],"version-history":[{"count":1,"href":"https:\/\/www.ilpontedelsorriso.com\/index.php?rest_route=\/wp\/v2\/posts\/11943\/revisions"}],"predecessor-version":[{"id":40989,"href":"https:\/\/www.ilpontedelsorriso.com\/index.php?rest_route=\/wp\/v2\/posts\/11943\/revisions\/40989"}],"wp:featuredmedia":[{"embeddable":true,"href":"https:\/\/www.ilpontedelsorriso.com\/index.php?rest_route=\/wp\/v2\/media\/41092"}],"wp:attachment":[{"href":"https:\/\/www.ilpontedelsorriso.com\/index.php?rest_route=%2Fwp%2Fv2%2Fmedia&parent=11943"}],"wp:term":[{"taxonomy":"category","embeddable":true,"href":"https:\/\/www.ilpontedelsorriso.com\/index.php?rest_route=%2Fwp%2Fv2%2Fcategories&post=11943"},{"taxonomy":"post_tag","embeddable":true,"href":"https:\/\/www.ilpontedelsorriso.com\/index.php?rest_route=%2Fwp%2Fv2%2Ftags&post=11943"}],"curies":[{"name":"wp","href":"https:\/\/api.w.org\/{rel}","templated":true}]}}